{"id":10921,"date":"2025-04-15T19:35:52","date_gmt":"2025-04-15T19:35:52","guid":{"rendered":"https:\/\/www.masseriabambarone.com\/how-did-people-experience-modernity-in-the-region-of-bambarone-la-masseria\/"},"modified":"2025-05-02T22:23:21","modified_gmt":"2025-05-02T22:23:21","slug":"how-did-people-experience-modernity-in-the-region-of-bambarone-la-masseria","status":"publish","type":"post","link":"https:\/\/www.masseriabambarone.com\/de\/how-did-people-experience-modernity-in-the-region-of-bambarone-la-masseria\/","title":{"rendered":"Wie erlebten die Menschen die Moderne in der Region von Bambarone La Masseria?"},"content":{"rendered":"\n<div style=\"height:100px\" aria-hidden=\"true\" class=\"wp-block-spacer\"><\/div>\n\n\n\n<div class=\"wp-block-media-text is-stacked-on-mobile\" style=\"grid-template-columns:37% auto\"><figure class=\"wp-block-media-text__media\"><img decoding=\"async\" loading=\"lazy\" width=\"622\" height=\"960\" src=\"https:\/\/www.masseriabambarone.com\/wp-content\/uploads\/bambarone-masseria-Giuseppe_Garibaldi-622x960.webp\" alt=\"\" class=\"wp-image-10800 size-full\" srcset=\"https:\/\/www.masseriabambarone.com\/wp-content\/uploads\/bambarone-masseria-Giuseppe_Garibaldi-622x960.webp 622w, https:\/\/www.masseriabambarone.com\/wp-content\/uploads\/bambarone-masseria-Giuseppe_Garibaldi-414x640.webp 414w, https:\/\/www.masseriabambarone.com\/wp-content\/uploads\/bambarone-masseria-Giuseppe_Garibaldi.webp 663w\" sizes=\"(max-width: 622px) 100vw, 622px\" \/><\/figure><div class=\"wp-block-media-text__content\">\n<div style=\"height:36px\" aria-hidden=\"true\" class=\"wp-block-spacer\"><\/div>\n\n\n\n<h2 class=\"wp-block-heading h5\">Das Ende des Feudalismus und die Gr\u00fcndung des italienischen Nationalstaats<\/h2>\n\n\n\n<div style=\"height:36px\" aria-hidden=\"true\" class=\"wp-block-spacer\"><\/div>\n\n\n\n<p>Im vorhergehenden Artikel<strong> <a href=\"https:\/\/www.masseriabambarone.com\/de\/how-did-the-masseria-develop-in-puglia-after-the-middle-ages\/\" title=\"Wie entwickelten sich die Masserien nach dem Mittelalter in Apulien?\">Wie entwickelten sich die Masserien nach dem Mittelalter in Apulien?<\/a> <\/strong>wurde beleuchtet, wie und wann das l\u00e4ndliche Apulien entstand, das wir heute noch entdecken d\u00fcrfen.<\/p>\n\n\n\n<p>Bis zur&nbsp;Einigung Italiens 1861&nbsp;blieb Apulien Spielball und Kriegsschauplatz in den Auseinandersetzungen der europ\u00e4ischen Gro\u00dfm\u00e4chte. Die gro\u00dfe Pestepidemie von 1656 verw\u00fcstete das gesamte K\u00f6nigreich Neapel und bis auf eine Phase des wirtschaftlichen Aufschwungs im 18. Jahrhundert verharrte die apulische Region in Armut und R\u00fcckst\u00e4ndigkeit. Weder die Habsburger noch die spanischen Bourbonen verfolgten eine Politik der Entwicklung und F\u00f6rderung in ihren s\u00fcditalienischen Besitzungen.<\/p>\n\n\n\n<p>Mit dem Sturz der spanisch-bourbonischen Dynastie durch die Revolutionstruppen&nbsp;Giuseppe Garibaldis&nbsp;endeten erstmalig die Zeiten jahrhundertelanger Fremdherrschaft. Das Herrschaftsgebiet des ehemaligen K\u00f6nigreichs Neapel wurde in das 1861 neu entstehende K\u00f6nigreich Italien eingegliedert: die Geburt des ersten modernen italienischen Nationalstaats unter der Herrschaft des Hauses Savoyen.<\/p>\n\n\n\n<div style=\"height:32px\" aria-hidden=\"true\" class=\"wp-block-spacer\"><\/div>\n\n\n\n<p style=\"font-size:15px\"><em>Guiseppe Garibaldi 1861<br>Photo: Library of Congress, Public domain, via Wikimedia Commons<\/em><\/p>\n\n\n\n<div style=\"height:32px\" aria-hidden=\"true\" class=\"wp-block-spacer\"><\/div>\n<\/div><\/div>\n\n\n\n<div class=\"wp-block-media-text has-media-on-the-right is-stacked-on-mobile\" style=\"grid-template-columns:auto 36%\"><div class=\"wp-block-media-text__content\">\n<div style=\"height:24px\" aria-hidden=\"true\" class=\"wp-block-spacer\"><\/div>\n\n\n\n<p>Den wirklichen Anschub f\u00fcr erste Schritte zu Modernisierung und Fortschritt in Apulien gab jedoch Napoleon Bonaparte: nach dem Einmarsch franz\u00f6sischer Truppen inthronisiert dieser seinen Bruder Joseph Bonaparte 1806 als K\u00f6nig von Neapel. Unzufrieden mit diesem, verschiebt er ihn jedoch schon 1808 nach Spanien und setzt seinen Schwager Joachim Murat als K\u00f6nig ein.&nbsp;<\/p>\n\n\n\n<p>Wenn auch wieder eine Besatzungszeit, so verdankt S\u00fcditalien ihm den Aufbau einer modernen Verwaltung und die Abschaffung der bis dahin geltenden feudalen Strukturen. 1809 f\u00fchrte Murat den Code Napol\u00e9on ein, der zum ersten Mal Scheidung, Zivilehe und Adoption legalisierte. Im gleichen Jahr wurde ein Gesetz erlassen, dass die Schlie\u00dfung der Kl\u00f6ster im gesamten K\u00f6nigreich festlegte, das Eigentum ging in den Staatsbesitz \u00fcber. Der Aufbau eines Katasters, die Einf\u00fchrung einer Grundsteuer, die Liberalisierung des Handels und der Anschub moderner Bauma\u00dfnahmen f\u00fchrten zu einem starken Impuls hin zur Aufkl\u00e4rung und zur Moderne.<\/p>\n\n\n\n<p>Schon wenige Jahre sp\u00e4ter ist die \u00c4ra Napoleons jedoch vorbei und das infolge des Wiener Kongresses gebildete K\u00f6nigreich beider Sizilien f\u00e4llt 1816 wieder an die spanischen Bourbonen.&nbsp;<\/p>\n\n\n\n<div style=\"height:32px\" aria-hidden=\"true\" class=\"wp-block-spacer\"><\/div>\n\n\n\n<p style=\"font-size:15px\"><em>Codice civile by Napoleone Bonaparte in an italian Edition<br>Photo: &nbsp;<a href=\"http:\/\/www.archiviodistatomilano.beniculturali.it\/it\/153\/welcome\" target=\"_blank\" rel=\"noopener\" title=\"\">Archivio di Stato di Milano<\/a>, Public domain, via Wikimedia&nbsp;Commons<\/em><\/p>\n\n\n\n<div style=\"height:24px\" aria-hidden=\"true\" class=\"wp-block-spacer\"><\/div>\n<\/div><figure class=\"wp-block-media-text__media\"><img decoding=\"async\" loading=\"lazy\" width=\"666\" height=\"960\" src=\"https:\/\/www.masseriabambarone.com\/wp-content\/uploads\/bambarone-masseria-Codice_civile_napoleonico-666x960.webp\" alt=\"\" class=\"wp-image-10803 size-full\" srcset=\"https:\/\/www.masseriabambarone.com\/wp-content\/uploads\/bambarone-masseria-Codice_civile_napoleonico-666x960.webp 666w, https:\/\/www.masseriabambarone.com\/wp-content\/uploads\/bambarone-masseria-Codice_civile_napoleonico-444x640.webp 444w, https:\/\/www.masseriabambarone.com\/wp-content\/uploads\/bambarone-masseria-Codice_civile_napoleonico.webp 710w\" sizes=\"(max-width: 666px) 100vw, 666px\" \/><\/figure><\/div>\n\n\n\n<div style=\"height:54px\" aria-hidden=\"true\" class=\"wp-block-spacer\"><\/div>\n\n\n\n<div class=\"wp-block-media-text is-stacked-on-mobile\" style=\"grid-template-columns:25% auto\"><figure class=\"wp-block-media-text__media\"><img decoding=\"async\" loading=\"lazy\" width=\"557\" height=\"960\" src=\"https:\/\/www.masseriabambarone.com\/wp-content\/uploads\/bambarone-masseria-brigant_Carmine_Crocco-557x960.webp\" alt=\"\" class=\"wp-image-10807 size-full\" srcset=\"https:\/\/www.masseriabambarone.com\/wp-content\/uploads\/bambarone-masseria-brigant_Carmine_Crocco-557x960.webp 557w, https:\/\/www.masseriabambarone.com\/wp-content\/uploads\/bambarone-masseria-brigant_Carmine_Crocco-371x640.webp 371w, https:\/\/www.masseriabambarone.com\/wp-content\/uploads\/bambarone-masseria-brigant_Carmine_Crocco.webp 594w\" sizes=\"(max-width: 557px) 100vw, 557px\" \/><\/figure><div class=\"wp-block-media-text__content\">\n<div style=\"height:54px\" aria-hidden=\"true\" class=\"wp-block-spacer\"><\/div>\n\n\n\n<h2 class=\"wp-block-heading h5\">R\u00e4uberbanden und Sklavenj\u00e4ger als Symptom des jahrhundertelangen Machtvakuums<\/h2>\n\n\n\n<div style=\"height:36px\" aria-hidden=\"true\" class=\"wp-block-spacer\"><\/div>\n\n\n\n<p>Bis weit in das 19. Jh. hinein wurde das apulische Land \u00fcber Jahrhunderte gequ\u00e4lt und auch sehr gepr\u00e4gt von R\u00e4uberbanden und Sklavenj\u00e4gern unterschiedlicher Couleur. Nicht nur fremdl\u00e4ndische M\u00e4chte nutzten die schwankenden Machtverh\u00e4ltnisse dieses strategisch so interessanten Landstrichs aus, die fehlende Entwicklung im Binnenland und das Desinteresse der jeweiligen Besatzer lie\u00dfen viel Raum f\u00fcr Parallelstrukturen und R\u00e4ubertum.&nbsp;<\/p>\n\n\n\n<p>Das Hinterland der Murgia war lange Zeit dicht bewaldet, es gab au\u00dfer den meist sogar antiken Hauptverbindungsachsen kaum ein Stra\u00dfennetz. Je nach Interessenlage wurden die Banden auch von den \u00f6rtlichen Feudalherren eingesetzt, um Aufst\u00e4nde zu unterdr\u00fccken und \u00fcberh\u00f6hte Steuern einzutreiben. Andererseits erhielten einige R\u00e4uber auch enormen R\u00fcckhalt in der Bev\u00f6lkerung, wenn sie sich gezielt gegen Besatzungsm\u00e4chte und reiche Herren wandten.&nbsp;<\/p>\n\n\n\n<div style=\"height:32px\" aria-hidden=\"true\" class=\"wp-block-spacer\"><\/div>\n\n\n\n<p style=\"font-size:15px\"><em>Carmine Crocco, 1830-1905, Banditenanf\u00fchrer mit dem Mythos eines Volkshelden<br>Photo: Unknown author, Public domain, via Wikimedia Commons<\/em><\/p>\n\n\n\n<div style=\"height:24px\" aria-hidden=\"true\" class=\"wp-block-spacer\"><\/div>\n<\/div><\/div>\n\n\n\n<div class=\"wp-block-media-text has-media-on-the-right is-stacked-on-mobile\" style=\"grid-template-columns:auto 30%\"><div class=\"wp-block-media-text__content\">\n<div style=\"height:24px\" aria-hidden=\"true\" class=\"wp-block-spacer\"><\/div>\n\n\n\n<p>Insbesondere nach der Gr\u00fcndung des K\u00f6nigreichs Italien wandten sich ehemalige Unterst\u00fctzer Garibaldis in Guerillaaktionen gegen den neugegr\u00fcndeten Staat. Aus Entt\u00e4uschung \u00fcber die ausbleibenden Verbesserungen der Lebensbedingungen besonders f\u00fcr die Landbev\u00f6lkerung im S\u00fcden Italiens und das \u00e4u\u00dferst grausame Vorgehen der k\u00f6niglichen Soldaten gegen Aufst\u00e4ndische f\u00fchrten zu einem starken Anwachsen der sogenannten Briganti in der 2. H\u00e4lfte des 19. Jahrhunderts. Bis heute genie\u00dfen viele von ihnen trotz ihrer ebenso gro\u00dfen Grausamkeit einen mythischen Kultstatus.&nbsp;<\/p>\n\n\n\n<p>Die Vernachl\u00e4ssigung und die infolgedessen anarchischen, v\u00f6llig undurchsichtigen Zust\u00e4nde f\u00fchrten sicher auch dazu, dass das l\u00e4ndliche Apulien \u00fcber lange Zeit wenig prosperierte, die Armut gro\u00df blieb und letztendlich auch kulturell, soziologisch und baulich vieles unver\u00e4ndert blieb.<\/p>\n\n\n\n<p>Auch die hohen Mauern, die hier jeden Bauernhof, jeden Zitrusgarten, jede noch so kleine Altstadt umgeben, k\u00fcnden von dieser st\u00e4ndigen Unsicherheit. &nbsp;<\/p>\n\n\n\n<p>Aus heutiger Betrachtung sind wir gl\u00fccklich erstaunt dar\u00fcber, wie originalgetreu sich die Altst\u00e4dte, D\u00f6rfer und Masserien erhalten haben, ohne die gerade in Nordeuropa so furchtbaren Verschandelungen des moderneren Zeitalters. Jedoch sollten wir nicht vergessen, dass es vor allen Dingen die gravierende Armut war, die bis vor nicht allzu langer Zeit die Menschen in ihre vermeintlich archaischen Lebensumst\u00e4nde zwangen.&nbsp;<\/p>\n\n\n\n<div style=\"height:32px\" aria-hidden=\"true\" class=\"wp-block-spacer\"><\/div>\n\n\n\n<p style=\"font-size:15px\"><em>Michelina de Cesare, 1841-1868, bekannte&nbsp;\u201eBrigantessa\u201c<br>Photo: Unknown author, Public domain, via Wikimedia Commons<\/em><\/p>\n\n\n\n<div style=\"height:32px\" aria-hidden=\"true\" class=\"wp-block-spacer\"><\/div>\n<\/div><figure class=\"wp-block-media-text__media\"><img decoding=\"async\" loading=\"lazy\" width=\"468\" height=\"713\" src=\"https:\/\/www.masseriabambarone.com\/wp-content\/uploads\/bambarone-masseria-Brigantessa_Michelina_de_Cesare.webp\" alt=\"\" class=\"wp-image-10810 size-full\" srcset=\"https:\/\/www.masseriabambarone.com\/wp-content\/uploads\/bambarone-masseria-Brigantessa_Michelina_de_Cesare.webp 468w, https:\/\/www.masseriabambarone.com\/wp-content\/uploads\/bambarone-masseria-Brigantessa_Michelina_de_Cesare-420x640.webp 420w\" sizes=\"(max-width: 468px) 100vw, 468px\" \/><\/figure><\/div>\n\n\n\n<div style=\"height:48px\" aria-hidden=\"true\" class=\"wp-block-spacer\"><\/div>\n\n\n\n<div class=\"wp-block-columns is-layout-flex wp-container-3 wp-block-columns-is-layout-flex\">\n<div class=\"wp-block-column is-layout-flow wp-block-column-is-layout-flow\" style=\"flex-basis:71%\">\n<figure class=\"wp-block-image size-large\"><img decoding=\"async\" loading=\"lazy\" width=\"960\" height=\"720\" src=\"https:\/\/www.masseriabambarone.com\/wp-content\/uploads\/bambarone-masseria-La-Villa-960x720.webp\" alt=\"\" class=\"wp-image-10812\" style=\"aspect-ratio:4\/3;object-fit:cover\" srcset=\"https:\/\/www.masseriabambarone.com\/wp-content\/uploads\/bambarone-masseria-La-Villa-960x720.webp 960w, https:\/\/www.masseriabambarone.com\/wp-content\/uploads\/bambarone-masseria-La-Villa-640x480.webp 640w, https:\/\/www.masseriabambarone.com\/wp-content\/uploads\/bambarone-masseria-La-Villa-768x576.webp 768w, https:\/\/www.masseriabambarone.com\/wp-content\/uploads\/bambarone-masseria-La-Villa.webp 1365w\" sizes=\"(max-width: 960px) 100vw, 960px\" \/><figcaption class=\"wp-element-caption\"><br><em>Komplett von hohen Mauern umschlossen \u2013 Bambarone La Villa<br>Photo: Stefan Schneider<\/em><\/figcaption><\/figure>\n<\/div>\n\n\n\n<div class=\"wp-block-column is-layout-flow wp-block-column-is-layout-flow\" style=\"flex-basis:39.9%\">\n<figure class=\"wp-block-image size-large\"><img decoding=\"async\" loading=\"lazy\" width=\"720\" height=\"960\" src=\"https:\/\/www.masseriabambarone.com\/wp-content\/uploads\/bambarone-masseria-agrumeto-720x960.webp\" alt=\"\" class=\"wp-image-10815\" style=\"aspect-ratio:3\/4;object-fit:cover\" srcset=\"https:\/\/www.masseriabambarone.com\/wp-content\/uploads\/bambarone-masseria-agrumeto-720x960.webp 720w, https:\/\/www.masseriabambarone.com\/wp-content\/uploads\/bambarone-masseria-agrumeto-480x640.webp 480w, https:\/\/www.masseriabambarone.com\/wp-content\/uploads\/bambarone-masseria-agrumeto.webp 768w\" sizes=\"(max-width: 720px) 100vw, 720px\" \/><figcaption class=\"wp-element-caption\"><br><em>Auch die wertvollen Zitrusg\u00e4rten wurden ummauert und abgeschlossen \u2013 Bambarone La Villa<br>Photo: Stefan Schneider<\/em><\/figcaption><\/figure>\n<\/div>\n<\/div>\n\n\n\n<div style=\"height:54px\" aria-hidden=\"true\" class=\"wp-block-spacer\"><\/div>\n\n\n\n<h2 class=\"wp-block-heading h5\">Apulien in Zeiten der beiden Weltkriege des 20. Jahrhunderts<\/h2>\n\n\n\n<div style=\"height:36px\" aria-hidden=\"true\" class=\"wp-block-spacer\"><\/div>\n\n\n\n<p>Das Ende des 1. Weltkriegs (an dem Italien auf der Seite der Entente, also der Siegerm\u00e4chte teilnahm) l\u00f6ste 1919 eine schwere Staatskrise aus, in dessen Folge die Faschistische Partei unter Benito Mussolini 1922 die Macht \u00fcbernehmen konnte.&nbsp;<\/p>\n\n\n\n<p>Schon in den beiden Jahren davor wurde Apulien Schauplatz von m\u00f6rderischen und fl\u00e4chendeckenden \u00dcbergriffen der faschistischen Schwarzhemden. Als Kampf gegen Sozialisten und Gewerkschaften tituliert, brachten die Einsch\u00fcchterungen und Gewaltaktionen Apulien als erste Region vollst\u00e4ndig unter faschistische Herrschaft, mit Unterst\u00fctzung der \u00f6rtlichen Gro\u00dfgrundbesitzer.<\/p>\n\n\n\n<p>Auch wenn in Italien keine Vernichtungslager errichtet wurden, existierten zahlreiche Konzentrationslager, die besonders f\u00fcr j\u00fcdische Inhaftierte nur eine Zwischenstation auf dem Weg in den sicheren Tod darstellten. In Apulien gab es in Alberobello, Gioia del Colle, auf den Tremiti-Inseln und in Manfredonia Konzentrationslager, die bis heute eher nicht im \u00f6ffentlichen Bewusstsein stehen.<\/p>\n\n\n\n<p>Die Absicherung seiner Macht nach innen wollte Mussolini mit gro\u00dfangelegten Infrastrukturma\u00dfnahmen erreichen. In Apulien bedeuteten dies vor allem die Schaffung neuer Getreide-Anbaufl\u00e4chen durch Trockenlegung und Bew\u00e4sserungsanlagen, neue D\u00f6rfer wurden zur gew\u00fcnschten Ansiedlung von Bauern aus dem Boden gestampft, in den St\u00e4dten wurden monumentale \u00f6ffentliche Bauten und Stra\u00dfenanlagen im faschistischen Stil errichtet, ohne jeden Kontext zu regionalen und historischen Strukturen.&nbsp;<\/p>\n\n\n\n<p>Das teilweise ambivalente Verh\u00e4ltnis Italiens zu seiner Geschichte dieser Epoche gr\u00fcndet sich eventuell&nbsp; auch auf diesen gewaltigen Modernisierungsma\u00dfnahmen in vormals \u00e4u\u00dferst r\u00fcckst\u00e4ndigen Regionen. Zumal Italien von fl\u00e4chendeckenden Bombardements verschont blieb und eine wirkliche Stunde \u201e0\u201c weder von Besatzungsm\u00e4chten noch von inneren Kr\u00e4ften forciert wurde.<\/p>\n\n\n\n<p>Ab 1936 wurde Italien ein enger Verb\u00fcndeter des faschistischen Deutschland und damit aktiver Teilnehmer des 2. Weltkriegs. Erst die Landung der Alliierten auf Sizilien 1943 bewirkte den Sturz der Diktatur (bis auf einen weiterhin faschistischen Teil im Norden) und Italien wechselte im Kriegsgeschehen die Seiten. 1946 wurde die Monarchie nach einem Referendum endg\u00fcltig abgeschafft und die Italienische Republik ausgerufen.<\/p>\n\n\n\n<div style=\"height:24px\" aria-hidden=\"true\" class=\"wp-block-spacer\"><\/div>\n\n\n\n<div class=\"wp-block-columns is-layout-flex wp-container-6 wp-block-columns-is-layout-flex\">\n<div class=\"wp-block-column is-layout-flow wp-block-column-is-layout-flow\" style=\"flex-basis:50%\">\n<figure class=\"wp-block-image size-large\"><img decoding=\"async\" loading=\"lazy\" width=\"960\" height=\"720\" src=\"https:\/\/www.masseriabambarone.com\/wp-content\/uploads\/bambarone-masseria-Casa_Rossa_Alberobello-960x720.webp\" alt=\"\" class=\"wp-image-10828\" style=\"aspect-ratio:3\/2;object-fit:cover\" srcset=\"https:\/\/www.masseriabambarone.com\/wp-content\/uploads\/bambarone-masseria-Casa_Rossa_Alberobello-960x720.webp 960w, https:\/\/www.masseriabambarone.com\/wp-content\/uploads\/bambarone-masseria-Casa_Rossa_Alberobello-640x480.webp 640w, https:\/\/www.masseriabambarone.com\/wp-content\/uploads\/bambarone-masseria-Casa_Rossa_Alberobello-768x576.webp 768w, https:\/\/www.masseriabambarone.com\/wp-content\/uploads\/bambarone-masseria-Casa_Rossa_Alberobello.webp 1280w\" sizes=\"(max-width: 960px) 100vw, 960px\" \/><figcaption class=\"wp-element-caption\"><br><em>Casa Rossa in Alberobello &#8211; eines der apulischen Konzentrationslager<br>Photo: Valeria.Buonpane, CC BY-SA 4.0, via Wikimedia Commons<\/em><\/figcaption><\/figure>\n<\/div>\n\n\n\n<div class=\"wp-block-column is-layout-flow wp-block-column-is-layout-flow\" style=\"flex-basis:50%\">\n<figure class=\"wp-block-image size-large\"><img decoding=\"async\" loading=\"lazy\" width=\"960\" height=\"720\" src=\"https:\/\/www.masseriabambarone.com\/wp-content\/uploads\/bambarone-masseria-Bari_Caserma-Chiaffedo-Bergia-1-960x720.webp\" alt=\"\" class=\"wp-image-11069\" style=\"aspect-ratio:3\/2;object-fit:cover\" srcset=\"https:\/\/www.masseriabambarone.com\/wp-content\/uploads\/bambarone-masseria-Bari_Caserma-Chiaffedo-Bergia-1-960x720.webp 960w, https:\/\/www.masseriabambarone.com\/wp-content\/uploads\/bambarone-masseria-Bari_Caserma-Chiaffedo-Bergia-1-640x480.webp 640w, https:\/\/www.masseriabambarone.com\/wp-content\/uploads\/bambarone-masseria-Bari_Caserma-Chiaffedo-Bergia-1-768x576.webp 768w, https:\/\/www.masseriabambarone.com\/wp-content\/uploads\/bambarone-masseria-Bari_Caserma-Chiaffedo-Bergia-1.webp 1280w\" sizes=\"(max-width: 960px) 100vw, 960px\" \/><figcaption class=\"wp-element-caption\"><br><em>Caserma C. Bergia in Bari, built in 1932<br>Photo: <a href=\"https:\/\/www.artefascista.it\/\" target=\"_blank\" rel=\"noopener\" title=\"\">https:\/\/www.artefascista.it\/<\/a><\/em><\/figcaption><\/figure>\n<\/div>\n<\/div>\n\n\n\n<div style=\"height:54px\" aria-hidden=\"true\" class=\"wp-block-spacer\"><\/div>\n\n\n\n<div class=\"wp-block-media-text has-media-on-the-right is-stacked-on-mobile\" style=\"grid-template-columns:auto 40%\"><div class=\"wp-block-media-text__content\">\n<div style=\"height:36px\" aria-hidden=\"true\" class=\"wp-block-spacer\"><\/div>\n\n\n\n<h2 class=\"wp-block-heading h5\">Wirtschaftliche Entwicklung seit der Nachkriegszeit<\/h2>\n\n\n\n<div style=\"height:36px\" aria-hidden=\"true\" class=\"wp-block-spacer\"><\/div>\n\n\n\n<p>Schon vor dem 2. Weltkrieg arbeiteten nur rund 17% der italienischen Industriearbeiter im S\u00fcden, zudem wurden auch noch anteilsm\u00e4\u00dfig wesentlich mehr Industrieanlagen im Krieg zerst\u00f6rt. Das Land war nach dem Krieg noch immer \u00fcberwiegend landwirtschaftlich gepr\u00e4gt, allerdings mit im Vergleich zu Norditalien wesentlich geringeren Hektarertr\u00e4gen. Grund daf\u00fcr war ein gro\u00dfer Anteil von Gro\u00dfgrundbesitzern, die nicht auf ihrem Land wohnten, es nur verpachteten und sich sonst nicht darum k\u00fcmmerten. Vor 1950 waren im Mezzogiorno noch immer 19% aller Gemeinden ohne Wasserversorgung, 40% ohne Kanalisation, viele ohne Stromversorgung. 24% der Bev\u00f6lkerung im S\u00fcden waren aufgrund der v\u00f6llig unzureichenden Bildungseinrichtungen Analphabeten. Zwischen 1950 und 1970 erm\u00f6glichten weitreichende Bodenreformen, strukturelle Ma\u00dfnahmen wie Bew\u00e4sserung, Stra\u00dfen- und Eisenbahnbau und finanzielle Unterst\u00fctzung einen wirklichen Aufschwung, jedoch abgesehen von dieser Zeit ist die Kluft zwischen Nord- und S\u00fcditalien seit Italiens Einigung 1860 eher gewachsen denn geschrumpft. Die ab 1992 aufgedeckten engen Verbindungen zwischen Politik, Wirtschaft und organisierter Kriminalit\u00e4t l\u00e4hmten das Land zus\u00e4tzlich.<\/p>\n\n\n\n<div style=\"height:32px\" aria-hidden=\"true\" class=\"wp-block-spacer\"><\/div>\n\n\n\n<p style=\"font-size:15px\"><em>Peasant women in Puglia 1954<br>Photo: Touring Club Italiano, Creative Commons<br>Attribution-Share Alike 4.0 International, via Wikimedia Commons<\/em><\/p>\n\n\n\n<div style=\"height:32px\" aria-hidden=\"true\" class=\"wp-block-spacer\"><\/div>\n<\/div><figure class=\"wp-block-media-text__media\"><img decoding=\"async\" loading=\"lazy\" width=\"632\" height=\"960\" src=\"https:\/\/www.masseriabambarone.com\/wp-content\/uploads\/bambarone-masseria-farmers_puglia_1954-632x960.webp\" alt=\"\" class=\"wp-image-10836 size-full\" srcset=\"https:\/\/www.masseriabambarone.com\/wp-content\/uploads\/bambarone-masseria-farmers_puglia_1954-632x960.webp 632w, https:\/\/www.masseriabambarone.com\/wp-content\/uploads\/bambarone-masseria-farmers_puglia_1954-421x640.webp 421w, https:\/\/www.masseriabambarone.com\/wp-content\/uploads\/bambarone-masseria-farmers_puglia_1954.webp 674w\" sizes=\"(max-width: 632px) 100vw, 632px\" \/><\/figure><\/div>\n\n\n\n<div class=\"wp-block-media-text is-stacked-on-mobile\" style=\"grid-template-columns:46% auto\"><figure class=\"wp-block-media-text__media\"><img decoding=\"async\" loading=\"lazy\" width=\"785\" height=\"960\" src=\"https:\/\/www.masseriabambarone.com\/wp-content\/uploads\/bambarone-masseria-Matera_poverty-785x960.webp\" alt=\"\" class=\"wp-image-10839 size-full\" srcset=\"https:\/\/www.masseriabambarone.com\/wp-content\/uploads\/bambarone-masseria-Matera_poverty-785x960.webp 785w, https:\/\/www.masseriabambarone.com\/wp-content\/uploads\/bambarone-masseria-Matera_poverty-523x640.webp 523w, https:\/\/www.masseriabambarone.com\/wp-content\/uploads\/bambarone-masseria-Matera_poverty-768x940.webp 768w, https:\/\/www.masseriabambarone.com\/wp-content\/uploads\/bambarone-masseria-Matera_poverty.webp 837w\" sizes=\"(max-width: 785px) 100vw, 785px\" \/><\/figure><div class=\"wp-block-media-text__content\">\n<div style=\"height:24px\" aria-hidden=\"true\" class=\"wp-block-spacer\"><\/div>\n\n\n\n<div style=\"height:24px\" aria-hidden=\"true\" class=\"wp-block-spacer\"><\/div>\n\n\n\n<p>Seit einigen Jahren kann man in Apulien jedoch eine sehr erfreuliche Beobachtung machen: die Wirtschaft w\u00e4chst, vor allem dank der steigenden Zahlen in Landwirtschaft und Tourismus, im Salento ist eine hochwertige Modeindustrie entstanden, die f\u00fcr bekannte Luxusmarken produziert, im Freiland-Gem\u00fcseanbau und bei der Anzahl der Weinproduzenten steht Apulien in Italien sogar an 1. Stelle. Es ist zu hoffen, dass somit der jahrzehntelangen Abwanderung endlich ein Ende gesetzt werden kann und vor allem junge Leute wieder eine positive Zukunft in diesem wundersch\u00f6nen und so reichen Teil ihres Landes sehen.&nbsp;<\/p>\n\n\n\n<p>Die in der Vergangenheit verz\u00f6gerte wirtschaftliche Entwicklung birgt gro\u00dfe Chancen \u2013 ein intelligenter, f\u00fcr alle gewinnbringender Tourismus im Einklang mit den historischen Strukturen und der Natur, Ausbau der Infrastruktur unter umweltvertr\u00e4glichen Bedingungen, Nutzung der neuesten Technologien beim Umbau zu regenerativen Energiequellen und nicht zuletzt eine R\u00fcckbesinnung auf Apuliens Erbe als Schmelztiegel europ\u00e4ischer, nah\u00f6stlicher, nordafrikanischer Kulturen mit allem Grund zum Stolz auf dieses Land mit so einer einzigartigen Identit\u00e4t!<\/p>\n\n\n\n<div style=\"height:42px\" aria-hidden=\"true\" class=\"wp-block-spacer\"><\/div>\n\n\n\n<p style=\"font-size:15px\"><em>Matera, Photograph taken between 1948-1955<br>Photo: National Archives at College Park, Public domain, via Wikimedia&nbsp;Commons<\/em><\/p>\n\n\n\n<div style=\"height:42px\" aria-hidden=\"true\" class=\"wp-block-spacer\"><\/div>\n<\/div><\/div>\n\n\n\n<div style=\"height:24px\" aria-hidden=\"true\" class=\"wp-block-spacer\"><\/div>\n\n\n\n<div style=\"height:24px\" aria-hidden=\"true\" class=\"wp-block-spacer\"><\/div>\n\n\n\n<div style=\"height:24px\" aria-hidden=\"true\" class=\"wp-block-spacer\"><\/div>\n\n\n\n<div class=\"wp-block-columns is-layout-flex wp-container-9 wp-block-columns-is-layout-flex\">\n<div class=\"wp-block-column is-layout-flow wp-block-column-is-layout-flow\" style=\"flex-basis:70%\">\n<figure class=\"wp-block-image size-large\"><img decoding=\"async\" loading=\"lazy\" width=\"960\" height=\"352\" src=\"https:\/\/www.masseriabambarone.com\/wp-content\/uploads\/bambarone-masseria-Torre_Sant_Andrea_Puglia-960x352.webp\" alt=\"\" class=\"wp-image-10843\" srcset=\"https:\/\/www.masseriabambarone.com\/wp-content\/uploads\/bambarone-masseria-Torre_Sant_Andrea_Puglia-960x352.webp 960w, https:\/\/www.masseriabambarone.com\/wp-content\/uploads\/bambarone-masseria-Torre_Sant_Andrea_Puglia-640x234.webp 640w, https:\/\/www.masseriabambarone.com\/wp-content\/uploads\/bambarone-masseria-Torre_Sant_Andrea_Puglia-768x281.webp 768w, https:\/\/www.masseriabambarone.com\/wp-content\/uploads\/bambarone-masseria-Torre_Sant_Andrea_Puglia-1536x563.webp 1536w, https:\/\/www.masseriabambarone.com\/wp-content\/uploads\/bambarone-masseria-Torre_Sant_Andrea_Puglia.webp 2048w\" sizes=\"(max-width: 960px) 100vw, 960px\" \/><figcaption class=\"wp-element-caption\"><br><em>Coast near Torre Sant Andrea in Puglia<br>Photo: Giuseppe Milo, CC BY 3.0, via Wikimedia Commons<\/em><\/figcaption><\/figure>\n<\/div>\n\n\n\n<div class=\"wp-block-column is-layout-flow wp-block-column-is-layout-flow\" style=\"flex-basis:45.5%\">\n<figure class=\"wp-block-image size-large\"><img decoding=\"async\" loading=\"lazy\" width=\"960\" height=\"540\" src=\"https:\/\/www.masseriabambarone.com\/wp-content\/uploads\/bambarone-masseria-Monopoli-960x540.webp\" alt=\"\" class=\"wp-image-10846\" srcset=\"https:\/\/www.masseriabambarone.com\/wp-content\/uploads\/bambarone-masseria-Monopoli-960x540.webp 960w, https:\/\/www.masseriabambarone.com\/wp-content\/uploads\/bambarone-masseria-Monopoli-640x360.webp 640w, https:\/\/www.masseriabambarone.com\/wp-content\/uploads\/bambarone-masseria-Monopoli-768x432.webp 768w, https:\/\/www.masseriabambarone.com\/wp-content\/uploads\/bambarone-masseria-Monopoli-1536x863.webp 1536w, https:\/\/www.masseriabambarone.com\/wp-content\/uploads\/bambarone-masseria-Monopoli.webp 1822w\" sizes=\"(max-width: 960px) 100vw, 960px\" \/><figcaption class=\"wp-element-caption\"><br><em>Old port of Monopoli<br>Photo: Acquario51, CC BY-SA 4., via Wikimedia Commons<\/em><\/figcaption><\/figure>\n<\/div>\n<\/div>\n\n\n\n<div style=\"height:54px\" aria-hidden=\"true\" class=\"wp-block-spacer\"><\/div>\n\n\n\n<h2 class=\"wp-block-heading h5\">Der Anspruch von Bambarone La Masseria<\/h2>\n\n\n\n<div style=\"height:36px\" aria-hidden=\"true\" class=\"wp-block-spacer\"><\/div>\n\n\n\n<p>Mit gro\u00dfem Respekt und Bewunderung haben wir uns Apulien gen\u00e4hert und f\u00fcr uns entdeckt. Und genau mit dieser Haltung haben wir auch versucht, die uralten Gem\u00e4uer von Bambarone La Masseria wieder zum Leben zu erwecken. Vorsichtig Neues hinzuf\u00fcgen, dabei das Alte besonders sichtbar und erlebbar zu machen \u2013 das war unsere Idee und unser Anspruch bei der Planung und Renovierung dieser Masseria.<\/p>\n\n\n\n<p>Sehr gerne w\u00fcrden wir Sie einladen, sich ein eigenes Bild zu machen von der Ausstrahlung der historischen Gew\u00f6lbe, der Grandezza der jahrhundertealten Olivenb\u00e4ume, dem Duft von Zitronenbl\u00fcten und w\u00fcrziger Macchia. Sollten wir Sie neugierig gemacht haben, <a href=\"https:\/\/www.masseriabambarone.com\/de\/rooms\/#book-now\" title=\"\" class=\"text-underline\">k\u00f6nnen Sie hier Ihre eigene Apulien-Erfahrung buchen<\/a>.&nbsp;<\/p>\n\n\n\n<p>Henriette Schneider<br>8.4.2025<\/p>\n\n\n\n<div style=\"height:24px\" aria-hidden=\"true\" class=\"wp-block-spacer\"><\/div>\n\n\n\n<div class=\"wp-block-columns is-layout-flex wp-container-12 wp-block-columns-is-layout-flex\">\n<div class=\"wp-block-column is-layout-flow wp-block-column-is-layout-flow\" style=\"flex-basis:49.86%\">\n<figure class=\"wp-block-image size-large\"><img decoding=\"async\" loading=\"lazy\" width=\"720\" height=\"960\" src=\"https:\/\/www.masseriabambarone.com\/wp-content\/uploads\/bambarone-masseria-garden-720x960.webp\" alt=\"\" class=\"wp-image-10850\" style=\"aspect-ratio:4\/3;object-fit:cover\" srcset=\"https:\/\/www.masseriabambarone.com\/wp-content\/uploads\/bambarone-masseria-garden-720x960.webp 720w, https:\/\/www.masseriabambarone.com\/wp-content\/uploads\/bambarone-masseria-garden-480x640.webp 480w, https:\/\/www.masseriabambarone.com\/wp-content\/uploads\/bambarone-masseria-garden.webp 768w\" sizes=\"(max-width: 720px) 100vw, 720px\" \/><figcaption class=\"wp-element-caption\"><br><em>Fr\u00fchling in Bambarone La Masseria<br>Photo: Stefan Schneider<\/em><\/figcaption><\/figure>\n<\/div>\n\n\n\n<div class=\"wp-block-column is-layout-flow wp-block-column-is-layout-flow\" style=\"flex-basis:50.14%\">\n<figure class=\"wp-block-image size-large\"><img decoding=\"async\" loading=\"lazy\" width=\"640\" height=\"960\" src=\"https:\/\/www.masseriabambarone.com\/wp-content\/uploads\/bambarone-masseria-room-640x960.webp\" alt=\"\" class=\"wp-image-10853\" style=\"aspect-ratio:4\/3;object-fit:cover\" srcset=\"https:\/\/www.masseriabambarone.com\/wp-content\/uploads\/bambarone-masseria-room-640x960.webp 640w, https:\/\/www.masseriabambarone.com\/wp-content\/uploads\/bambarone-masseria-room-427x640.webp 427w, https:\/\/www.masseriabambarone.com\/wp-content\/uploads\/bambarone-masseria-room.webp 683w\" sizes=\"(max-width: 640px) 100vw, 640px\" \/><figcaption class=\"wp-element-caption\"><br><em>Zimmer Il Fienile in Bambarone La Masseria<br>Photo: Stephan Braun<\/em><\/figcaption><\/figure>\n<\/div>\n<\/div>\n\n\n\n<div style=\"height:24px\" aria-hidden=\"true\" class=\"wp-block-spacer\"><\/div>\n\n\n\n<p><strong><strong>Quellen f\u00fcr den Blog \u201eEine Zeitreise in die Geschichte Apuliens\u201c:<\/strong><\/strong><\/p>\n\n\n\n<p style=\"font-size:15px\"><a href=\"https:\/\/it.wikipedia.org\/wiki\/Gioacchino_Murat\" target=\"_blank\" rel=\"noopener\" title=\"\">https:\/\/it.wikipedia.org\/wiki\/Gioacchino_Murat<\/a><\/p>\n\n\n\n<p style=\"font-size:15px\"><a href=\"https:\/\/www.diocesiconversanomonopoli.it\/diocesi\/\" target=\"_blank\" rel=\"noopener\" title=\"\">https:\/\/www.diocesiconversanomonopoli.it\/diocesi\/<\/a><\/p>\n\n\n\n<p style=\"font-size:15px\"><a href=\"https:\/\/www.provincia.brindisi.it\/index.php\/storia-e-tradizioni\/i-comuni\/fasano\" target=\"_blank\" rel=\"noopener\" title=\"\">https:\/\/www.provincia.brindisi.it\/index.php\/storia-e-tradizioni\/i-comuni\/fasano<\/a><\/p>\n\n\n\n<p style=\"font-size:15px\"><a href=\"http:\/\/www.brundarte.it\/2014\/10\/30\/lama-dantico-fasano-br\/\" target=\"_blank\" rel=\"noopener\" title=\"\">http:\/\/www.brundarte.it\/2014\/10\/30\/lama-dantico-fasano-br\/<\/a><\/p>\n\n\n\n<p style=\"font-size:15px\"><a href=\"https:\/\/erenow.org\/common\/an-armchair-travellers-history-of-apulia\/36.php\" target=\"_blank\" rel=\"noopener\" title=\"\">https:\/\/erenow.org\/common\/an-armchair-travellers-history-of-apulia\/36.php<\/a><\/p>\n\n\n\n<p style=\"font-size:15px\"><a href=\"https:\/\/www.patrimoniomondiale.it\/?p=68\" target=\"_blank\" rel=\"noopener\" title=\"\">https:\/\/www.patrimoniomondiale.it\/?p=68<\/a><\/p>\n\n\n\n<p style=\"font-size:15px\"><a href=\"https:\/\/library.fes.de\/gmh\/main\/pdf-files\/gmh\/1960\/1960-09-a-545.pdf\" target=\"_blank\" rel=\"noopener\" title=\"\">https:\/\/library.fes.de\/gmh\/main\/pdf-files\/gmh\/1960\/1960-09-a-545.pdf<\/a><\/p>\n\n\n\n<p style=\"font-size:15px\"><a href=\"https:\/\/www.nzz.ch\/wirtschaft\/italien-trotz-milliarden-wird-die-kluft-zwischen-nord-und-sued-immer-groesser-ld.1820419\" target=\"_blank\" rel=\"noopener\" title=\"\">https:\/\/www.nzz.ch\/wirtschaft\/italien-trotz-milliarden-wird-die-kluft-zwischen-nord-und-sued-immer-groesser-ld.1820419<\/a><\/p>\n\n\n\n<p style=\"font-size:15px\"><a href=\"https:\/\/www.preistoriainitalia.it\" target=\"_blank\" rel=\"noopener\" title=\"\">https:\/\/www.preistoriainitalia.it<\/a><\/p>\n\n\n\n<p style=\"font-size:15px\"><a href=\"https:\/\/de.wikipedia.org\/wiki\/Geschichte_Apuliens#Das_normannische_Reich_in_Unteritalien\" target=\"_blank\" rel=\"noopener\" title=\"\">https:\/\/de.wikipedia.org\/wiki\/Geschichte_Apuliens#Das_normannische_Reich_in_Unteritalien<\/a><\/p>\n\n\n\n<p style=\"font-size:15px\"><a href=\"https:\/\/de.wikipedia.org\/wiki\/Erster_Kreuzzug\" target=\"_blank\" rel=\"noopener\" title=\"\">https:\/\/de.wikipedia.org\/wiki\/Erster_Kreuzzug<\/a><\/p>\n\n\n\n<p style=\"font-size:15px\"><a href=\"http:\/\/www.osservatoriooggi.it\/vivi-fasano\/guida\/72-le-masserie-fortificate\" target=\"_blank\" rel=\"noopener\" title=\"\">http:\/\/www.osservatoriooggi.it\/vivi-fasano\/guida\/72-le-masserie-fortificate<\/a><\/p>\n\n\n\n<p style=\"font-size:15px\"><a href=\"https:\/\/www.pugliain.net\/la-puglia-fascista\/\" target=\"_blank\" rel=\"noopener\" title=\"\">https:\/\/www.pugliain.net\/la-puglia-fascista\/<\/a><\/p>\n\n\n\n<p style=\"font-size:15px\"><a href=\"https:\/\/www.pugliain.net\/fascismo-faceva-bella-la-puglia\/\" target=\"_blank\" rel=\"noopener\" title=\"\">https:\/\/www.pugliain.net\/fascismo-faceva-bella-la-puglia\/<\/a><\/p>\n\n\n\n<p style=\"font-size:15px\"><a href=\"http:\/\/www.osservatoriooggi.it\/notizie\/cultura\/29725-i-campi-di-concentramento-in-puglia-in-un-quaderno-culturale-dell%25E2%2580%2599utl\" target=\"_blank\" rel=\"noopener\" title=\"\">http:\/\/www.osservatoriooggi.it\/notizie\/cultura\/29725-i-campi-di-concentramento-in-puglia-in-un-quaderno-culturale-dell%E2%80%99utl<\/a><\/p>\n\n\n\n<div style=\"height:48px\" aria-hidden=\"true\" class=\"wp-block-spacer\"><\/div>\n\n\n\n<p>Guida al Museo \u201cMuseo Nazional Archeologico die Egnazia \u201cGuiseppe Andreassi\u201d \u201c; Quorum Edizioni \u2013 Bari 2015, Terza edizione settembre 2018<\/p>\n\n\n\n<p>Schede degli Ambiti Pesaggistici; Ambito 7\/ MURGIA DEI TRULLI (schema di PPTR)<\/p>\n\n\n\n<p>PPTR Allegato 6 \u2013 La \u201cStoria\u201d per il piano<\/p>\n\n\n\n<div style=\"height:24px\" aria-hidden=\"true\" class=\"wp-block-spacer\"><\/div>\n","protected":false},"excerpt":{"rendered":"<p>Apulien in Zeiten der beiden Weltkriege des 20. Jahrhunderts Das Ende des 1. Weltkriegs (an dem Italien auf der Seite der Entente, also der Siegerm\u00e4chte teilnahm) l\u00f6ste 1919 eine schwere Staatskrise aus, in dessen Folge die Faschistische Partei unter Benito Mussolini 1922 die Macht \u00fcbernehmen konnte.&nbsp; Schon in den beiden Jahren davor wurde Apulien Schauplatz [&hellip;]<\/p>\n","protected":false},"author":1,"featured_media":10847,"comment_status":"closed","ping_status":"closed","sticky":false,"template":"","format":"standard","meta":{"_monsterinsights_skip_tracking":false,"_monsterinsights_sitenote_active":false,"_monsterinsights_sitenote_note":"","_monsterinsights_sitenote_category":0,"footnotes":""},"categories":[75],"tags":[],"acf":[],"aioseo_notices":[],"_links":{"self":[{"href":"https:\/\/www.masseriabambarone.com\/de\/wp-json\/wp\/v2\/posts\/10921"}],"collection":[{"href":"https:\/\/www.masseriabambarone.com\/de\/wp-json\/wp\/v2\/posts"}],"about":[{"href":"https:\/\/www.masseriabambarone.com\/de\/wp-json\/wp\/v2\/types\/post"}],"author":[{"embeddable":true,"href":"https:\/\/www.masseriabambarone.com\/de\/wp-json\/wp\/v2\/users\/1"}],"replies":[{"embeddable":true,"href":"https:\/\/www.masseriabambarone.com\/de\/wp-json\/wp\/v2\/comments?post=10921"}],"version-history":[{"count":10,"href":"https:\/\/www.masseriabambarone.com\/de\/wp-json\/wp\/v2\/posts\/10921\/revisions"}],"predecessor-version":[{"id":11073,"href":"https:\/\/www.masseriabambarone.com\/de\/wp-json\/wp\/v2\/posts\/10921\/revisions\/11073"}],"wp:featuredmedia":[{"embeddable":true,"href":"https:\/\/www.masseriabambarone.com\/de\/wp-json\/wp\/v2\/media\/10847"}],"wp:attachment":[{"href":"https:\/\/www.masseriabambarone.com\/de\/wp-json\/wp\/v2\/media?parent=10921"}],"wp:term":[{"taxonomy":"category","embeddable":true,"href":"https:\/\/www.masseriabambarone.com\/de\/wp-json\/wp\/v2\/categories?post=10921"},{"taxonomy":"post_tag","embeddable":true,"href":"https:\/\/www.masseriabambarone.com\/de\/wp-json\/wp\/v2\/tags?post=10921"}],"curies":[{"name":"wp","href":"https:\/\/api.w.org\/{rel}","templated":true}]}}