{"id":10922,"date":"2025-04-15T19:35:52","date_gmt":"2025-04-15T19:35:52","guid":{"rendered":"https:\/\/www.masseriabambarone.com\/how-did-people-experience-modernity-in-the-region-of-bambarone-la-masseria\/"},"modified":"2025-05-02T22:20:56","modified_gmt":"2025-05-02T22:20:56","slug":"how-did-people-experience-modernity-in-the-region-of-bambarone-la-masseria","status":"publish","type":"post","link":"https:\/\/www.masseriabambarone.com\/it\/how-did-people-experience-modernity-in-the-region-of-bambarone-la-masseria\/","title":{"rendered":"Come si \u00e8 vissuta la modernit\u00e0 nella regione del Bambarone La Masseria?"},"content":{"rendered":"\n<div style=\"height:100px\" aria-hidden=\"true\" class=\"wp-block-spacer\"><\/div>\n\n\n\n<div class=\"wp-block-media-text is-stacked-on-mobile\" style=\"grid-template-columns:37% auto\"><figure class=\"wp-block-media-text__media\"><img decoding=\"async\" loading=\"lazy\" width=\"622\" height=\"960\" src=\"https:\/\/www.masseriabambarone.com\/wp-content\/uploads\/bambarone-masseria-Giuseppe_Garibaldi-622x960.webp\" alt=\"\" class=\"wp-image-10801 size-full\" srcset=\"https:\/\/www.masseriabambarone.com\/wp-content\/uploads\/bambarone-masseria-Giuseppe_Garibaldi-622x960.webp 622w, https:\/\/www.masseriabambarone.com\/wp-content\/uploads\/bambarone-masseria-Giuseppe_Garibaldi-414x640.webp 414w, https:\/\/www.masseriabambarone.com\/wp-content\/uploads\/bambarone-masseria-Giuseppe_Garibaldi.webp 663w\" sizes=\"(max-width: 622px) 100vw, 622px\" \/><\/figure><div class=\"wp-block-media-text__content\">\n<div style=\"height:36px\" aria-hidden=\"true\" class=\"wp-block-spacer\"><\/div>\n\n\n\n<h2 class=\"wp-block-heading h5\">La fine del feudalesimo e la fondazione dello Stato nazionale italiano<\/h2>\n\n\n\n<div style=\"height:36px\" aria-hidden=\"true\" class=\"wp-block-spacer\"><\/div>\n\n\n\n<p>Nel precedente articolo <strong><a href=\"https:\/\/www.masseriabambarone.com\/it\/how-did-the-masseria-develop-in-puglia-after-the-middle-ages\/\" title=\"Come si sono sviluppate le masserie in Puglia dopo il Medioevo?\">Come si sono sviluppati i massicci in Puglia dopo il Medioevo?<\/a>,<\/strong> abbiamo analizzato come e quando \u00e8 nata la Puglia rurale che possiamo ancora oggi ammirare.&nbsp;<\/p>\n\n\n\n<p>Nel precedente articolo \u201cCome si sono sviluppati i massicci in Puglia dopo il Medioevo?\u201d, abbiamo analizzato come e quando \u00e8 nata la Puglia rurale che possiamo ancora oggi ammirare. Link all&#8217;articolo precedente<\/p>\n\n\n\n<p>Fino all&#8217;unit\u00e0 d&#8217;Italia nel 1861, la Puglia rimase una pedina e un teatro di guerra nei conflitti tra le maggiori potenze europee. La grande epidemia di peste del 1656 devast\u00f2 l&#8217;intero Regno di Napoli e, a parte una fase di ripresa economica nel XVIII secolo, la regione pugliese rimase in condizioni di povert\u00e0 e arretratezza. N\u00e9 gli Asburgo n\u00e9 i Borboni spagnoli perseguirono una politica di sviluppo e promozione dei loro possedimenti nell&#8217;Italia meridionale.<\/p>\n\n\n\n<p>Il rovesciamento della dinastia ispano-borbonica da parte delle truppe rivoluzionarie di Giuseppe Garibaldi segn\u00f2 per la prima volta la fine di secoli di dominio straniero. Il territorio dell&#8217;ex Regno di Napoli fu incorporato nel neonato Regno d&#8217;Italia nel 1861, dando vita al primo Stato nazionale italiano moderno sotto il dominio dei Savoia.<\/p>\n\n\n\n<div style=\"height:32px\" aria-hidden=\"true\" class=\"wp-block-spacer\"><\/div>\n\n\n\n<p style=\"font-size:15px\"><em>Guiseppe Garibaldi 1861<br>Photo: Library of Congress, Public domain, via Wikimedia Commons<\/em><\/p>\n\n\n\n<div style=\"height:32px\" aria-hidden=\"true\" class=\"wp-block-spacer\"><\/div>\n<\/div><\/div>\n\n\n\n<div class=\"wp-block-media-text has-media-on-the-right is-stacked-on-mobile\" style=\"grid-template-columns:auto 36%\"><div class=\"wp-block-media-text__content\">\n<div style=\"height:36px\" aria-hidden=\"true\" class=\"wp-block-spacer\"><\/div>\n\n\n\n<p>Tuttavia, il vero impulso per i primi passi verso la modernizzazione e il progresso in Puglia venne da Napoleone Bonaparte che, dopo l&#8217;invasione delle sue truppe, nel 1806 incoron\u00f2 suo fratello Giuseppe Bonaparte come re di Napoli. Tuttavia, nel 1808, insoddisfatto, lo trasfer\u00ec in Spagna, dove nomin\u00f2 re il cognato Gioacchino Murat.&nbsp;<\/p>\n\n\n\n<p>Sebbene si trattasse di un altro periodo di occupazione, l&#8217;Italia meridionale gli deve l&#8217;istituzione di un&#8217;amministrazione moderna e l&#8217;abolizione delle strutture feudali in vigore fino a quel momento. Nel 1809, Murat introdusse il Code Napol\u00e9on, che legalizzava per la prima volta il divorzio, il matrimonio civile e l&#8217;adozione. Nello stesso anno fu approvata una legge che stabiliva la chiusura dei monasteri in tutto il regno e i cui beni divennero propriet\u00e0 dello Stato. L&#8217;istituzione di un catasto, l&#8217;introduzione di un&#8217;imposta fondiaria, la liberalizzazione del commercio e la promozione di misure edilizie moderne diedero un forte impulso all&#8217;Illuminismo e alla modernit\u00e0.<\/p>\n\n\n\n<p>Tuttavia, pochi anni dopo, l&#8217;era napoleonica era giunta al termine e il Regno delle Due Sicilie, formatosi in seguito al Congresso di Vienna, torn\u00f2 ai Borboni spagnoli nel 1816.<\/p>\n\n\n\n<div style=\"height:36px\" aria-hidden=\"true\" class=\"wp-block-spacer\"><\/div>\n\n\n\n<p style=\"font-size:15px\"><em>Codice civile by Napoleone Bonaparte in an <br>italian Edition<br>Photo: \u00a0<a href=\"http:\/\/www.archiviodistatomilano.beniculturali.it\/it\/153\/welcome\">Archivio di Stato di Milano<\/a>, Public domain, via Wikimedia\u00a0Commons<\/em><\/p>\n\n\n\n<div style=\"height:24px\" aria-hidden=\"true\" class=\"wp-block-spacer\"><\/div>\n<\/div><figure class=\"wp-block-media-text__media\"><img decoding=\"async\" loading=\"lazy\" width=\"666\" height=\"960\" src=\"https:\/\/www.masseriabambarone.com\/wp-content\/uploads\/bambarone-masseria-Codice_civile_napoleonico-666x960.webp\" alt=\"\" class=\"wp-image-10804 size-full\" srcset=\"https:\/\/www.masseriabambarone.com\/wp-content\/uploads\/bambarone-masseria-Codice_civile_napoleonico-666x960.webp 666w, https:\/\/www.masseriabambarone.com\/wp-content\/uploads\/bambarone-masseria-Codice_civile_napoleonico-444x640.webp 444w, https:\/\/www.masseriabambarone.com\/wp-content\/uploads\/bambarone-masseria-Codice_civile_napoleonico.webp 710w\" sizes=\"(max-width: 666px) 100vw, 666px\" \/><\/figure><\/div>\n\n\n\n<div style=\"height:54px\" aria-hidden=\"true\" class=\"wp-block-spacer\"><\/div>\n\n\n\n<div class=\"wp-block-media-text is-stacked-on-mobile\" style=\"grid-template-columns:25% auto\"><figure class=\"wp-block-media-text__media\"><img decoding=\"async\" loading=\"lazy\" width=\"557\" height=\"960\" src=\"https:\/\/www.masseriabambarone.com\/wp-content\/uploads\/bambarone-masseria-brigant_Carmine_Crocco-557x960.webp\" alt=\"\" class=\"wp-image-10808 size-full\" srcset=\"https:\/\/www.masseriabambarone.com\/wp-content\/uploads\/bambarone-masseria-brigant_Carmine_Crocco-557x960.webp 557w, https:\/\/www.masseriabambarone.com\/wp-content\/uploads\/bambarone-masseria-brigant_Carmine_Crocco-371x640.webp 371w, https:\/\/www.masseriabambarone.com\/wp-content\/uploads\/bambarone-masseria-brigant_Carmine_Crocco.webp 594w\" sizes=\"(max-width: 557px) 100vw, 557px\" \/><\/figure><div class=\"wp-block-media-text__content\">\n<div style=\"height:36px\" aria-hidden=\"true\" class=\"wp-block-spacer\"><\/div>\n\n\n\n<h2 class=\"wp-block-heading h5\">Bande di briganti e cacciatori di schiavi come sintomo di un secolare vuoto di potere<\/h2>\n\n\n\n<div style=\"height:36px\" aria-hidden=\"true\" class=\"wp-block-spacer\"><\/div>\n\n\n\n<p>Fino alla fine del XIX secolo, la terra pugliese \u00e8 stata per secoli tormentata da bande di briganti e cacciatori di schiavi di vario genere. Non solo le potenze straniere, ma anche la mancanza di sviluppo nell&#8217;entroterra e il disinteresse dei rispettivi occupanti lasciarono ampio spazio a strutture parallele e al banditismo.&nbsp;<\/p>\n\n\n\n<p>Per molto tempo, l&#8217;entroterra della Murgia era densamente boscoso e non esisteva praticamente alcuna rete stradale, a parte le strade principali, per lo pi\u00f9 antiche. In base ai loro interessi, le bande venivano utilizzate anche dai feudatari locali per reprimere le rivolte e riscuotere tasse eccessive. D&#8217;altra parte, alcuni briganti ricevevano anche un enorme sostegno dalla popolazione quando attaccavano le potenze occupanti e i ricchi signori.&nbsp;<\/p>\n\n\n\n<div style=\"height:36px\" aria-hidden=\"true\" class=\"wp-block-spacer\"><\/div>\n\n\n\n<p style=\"font-size:15px\"><em>Carmine Crocco, 1830-1905, Capo brigante con il mito dell&#8217;eroe popolare<br>Photo: Unknown author, Public domain, via Wikimedia Commons<\/em><\/p>\n\n\n\n<div style=\"height:36px\" aria-hidden=\"true\" class=\"wp-block-spacer\"><\/div>\n<\/div><\/div>\n\n\n\n<div class=\"wp-block-media-text has-media-on-the-right is-stacked-on-mobile\" style=\"grid-template-columns:auto 30%\"><div class=\"wp-block-media-text__content\">\n<div style=\"height:36px\" aria-hidden=\"true\" class=\"wp-block-spacer\"><\/div>\n\n\n\n<p>Soprattutto dopo la fondazione del Regno d&#8217;Italia, gli ex sostenitori di Garibaldi si rivoltarono contro il nuovo Stato con azioni di guerriglia. La delusione per la mancanza di miglioramenti nelle condizioni di vita, in particolare per la popolazione rurale del Sud Italia, e il comportamento estremamente crudele dei soldati reali nei confronti degli insorti portarono a una forte crescita dei cosiddetti Briganti nella seconda met\u00e0 del XIX secolo. Nonostante la loro grande crudelt\u00e0, molti di loro godono ancora oggi di un culto mitico.&nbsp;<\/p>\n\n\n\n<p>L&#8217;abbandono e le conseguenti condizioni di anarchia e opacit\u00e0 hanno certamente contribuito al fatto che la Puglia rurale abbia prosperato poco per molto tempo, che la povert\u00e0 sia rimasta alta e che, in definitiva, molto sia rimasto immutato in termini culturali, sociologici e architettonici.<\/p>\n\n\n\n<p>Anche le alte mura che circondano ogni masseria, ogni agrumeto e ogni centro storico, per quanto piccolo, sono una testimonianza di questa costante insicurezza. &nbsp;<\/p>\n\n\n\n<p>Oggi, siamo felicemente stupiti dalla fedelt\u00e0 con cui sono state conservate le vecchie citt\u00e0, i villaggi e le masserie, senza le terribili deturpazioni dell&#8217;et\u00e0 moderna cos\u00ec diffuse nel Nord Europa. Tuttavia, non dobbiamo dimenticare che \u00e8 stata soprattutto la grave povert\u00e0 a costringere le persone a condizioni di vita apparentemente arcaiche fino a tempi recenti.<\/p>\n\n\n\n<div style=\"height:36px\" aria-hidden=\"true\" class=\"wp-block-spacer\"><\/div>\n\n\n\n<p style=\"font-size:15px\"><em>Michelina de Cesare, 1841-1868, conosciuta\u00a0\u201eBrigantessa\u201c<br>Photo: Unknown author, Public domain, via Wikimedia Commons<\/em><\/p>\n\n\n\n<div style=\"height:36px\" aria-hidden=\"true\" class=\"wp-block-spacer\"><\/div>\n<\/div><figure class=\"wp-block-media-text__media\"><img decoding=\"async\" loading=\"lazy\" width=\"468\" height=\"713\" src=\"https:\/\/www.masseriabambarone.com\/wp-content\/uploads\/bambarone-masseria-Brigantessa_Michelina_de_Cesare.webp\" alt=\"\" class=\"wp-image-10811 size-full\" srcset=\"https:\/\/www.masseriabambarone.com\/wp-content\/uploads\/bambarone-masseria-Brigantessa_Michelina_de_Cesare.webp 468w, https:\/\/www.masseriabambarone.com\/wp-content\/uploads\/bambarone-masseria-Brigantessa_Michelina_de_Cesare-420x640.webp 420w\" sizes=\"(max-width: 468px) 100vw, 468px\" \/><\/figure><\/div>\n\n\n\n<div style=\"height:48px\" aria-hidden=\"true\" class=\"wp-block-spacer\"><\/div>\n\n\n\n<div class=\"wp-block-columns is-layout-flex wp-container-3 wp-block-columns-is-layout-flex\">\n<div class=\"wp-block-column is-layout-flow wp-block-column-is-layout-flow\" style=\"flex-basis:71%\">\n<figure class=\"wp-block-image size-large\"><img decoding=\"async\" loading=\"lazy\" width=\"960\" height=\"720\" src=\"https:\/\/www.masseriabambarone.com\/wp-content\/uploads\/bambarone-masseria-La-Villa-960x720.webp\" alt=\"\" class=\"wp-image-10812\" style=\"aspect-ratio:4\/3;object-fit:cover\" srcset=\"https:\/\/www.masseriabambarone.com\/wp-content\/uploads\/bambarone-masseria-La-Villa-960x720.webp 960w, https:\/\/www.masseriabambarone.com\/wp-content\/uploads\/bambarone-masseria-La-Villa-640x480.webp 640w, https:\/\/www.masseriabambarone.com\/wp-content\/uploads\/bambarone-masseria-La-Villa-768x576.webp 768w, https:\/\/www.masseriabambarone.com\/wp-content\/uploads\/bambarone-masseria-La-Villa.webp 1365w\" sizes=\"(max-width: 960px) 100vw, 960px\" \/><figcaption class=\"wp-element-caption\"><br><em>Completamente chiuso da alte mura \u2013 Bambarone La Villa<br>Photo: Stefan Schneider<\/em><\/figcaption><\/figure>\n<\/div>\n\n\n\n<div class=\"wp-block-column is-layout-flow wp-block-column-is-layout-flow\" style=\"flex-basis:39.9%\">\n<figure class=\"wp-block-image size-large\"><img decoding=\"async\" loading=\"lazy\" width=\"720\" height=\"960\" src=\"https:\/\/www.masseriabambarone.com\/wp-content\/uploads\/bambarone-masseria-agrumeto-720x960.webp\" alt=\"\" class=\"wp-image-10815\" style=\"aspect-ratio:3\/4;object-fit:cover\" srcset=\"https:\/\/www.masseriabambarone.com\/wp-content\/uploads\/bambarone-masseria-agrumeto-720x960.webp 720w, https:\/\/www.masseriabambarone.com\/wp-content\/uploads\/bambarone-masseria-agrumeto-480x640.webp 480w, https:\/\/www.masseriabambarone.com\/wp-content\/uploads\/bambarone-masseria-agrumeto.webp 768w\" sizes=\"(max-width: 720px) 100vw, 720px\" \/><figcaption class=\"wp-element-caption\"><br><em>Anche i preziosi giardini di agrumi sono stati murati e recintati \u2013 Bambarone La Villa<br>Photo: Stefan Schneider<\/em><\/figcaption><\/figure>\n<\/div>\n<\/div>\n\n\n\n<div style=\"height:54px\" aria-hidden=\"true\" class=\"wp-block-spacer\"><\/div>\n\n\n\n<h2 class=\"wp-block-heading h5\">La Puglia durante le due guerre mondiali del XX secolo<\/h2>\n\n\n\n<div style=\"height:36px\" aria-hidden=\"true\" class=\"wp-block-spacer\"><\/div>\n\n\n\n<p>La fine della Prima Guerra Mondiale (alla quale l&#8217;Italia partecip\u00f2 a fianco dell&#8217;Intesa, cio\u00e8 delle potenze vincitrici) nel 1919 scaten\u00f2 una grave crisi nazionale, in seguito alla quale il Partito Fascista di Benito Mussolini prese il potere nel 1922.&nbsp;<\/p>\n\n\n\n<p>Nei due anni precedenti, la Puglia era gi\u00e0 stata teatro di attacchi omicidi e diffusi da parte delle Camicie Nere fasciste. Etichettati come lotta contro i socialisti e i sindacati, gli atti di intimidazione e violenza portarono per la prima volta la Puglia sotto il completo dominio fascista, con il sostegno dei proprietari terrieri locali.<\/p>\n\n\n\n<p>Anche se in Italia non furono istituiti campi di sterminio, vi furono numerosi campi di concentramento, che rappresentavano solo una tappa verso la morte certa, soprattutto per i prigionieri ebrei. In Puglia, i campi di concentramento si trovavano ad Alberobello, Gioia del Colle, alle Isole Tremiti e a Manfredonia, luoghi ancora oggi poco noti al pubblico.<\/p>\n\n\n\n<p>Mussolini voleva garantire il proprio potere all&#8217;interno con misure infrastrutturali su larga scala. In Puglia, ci\u00f2 signific\u00f2 soprattutto la creazione di nuove aree di coltivazione del grano attraverso sistemi di drenaggio e di irrigazione, la dissodatura di nuovi terreni per attirare i contadini e la costruzione di edifici pubblici e strade monumentali in stile fascista nelle citt\u00e0, senza alcun contesto con le strutture regionali e storiche.&nbsp;<\/p>\n\n\n\n<p>Il rapporto a volte ambivalente dell&#8217;Italia con la sua storia durante questo periodo si basa forse anche su queste enormi misure di modernizzazione in regioni precedentemente estremamente arretrate. Questo perch\u00e9 l&#8217;Italia fu risparmiata da bombardamenti diffusi e da una vera e propria &#8220;ora zero&#8221;, imposta n\u00e9 dalle potenze occupanti n\u00e9 dalle forze interne.<\/p>\n\n\n\n<p>A partire dal 1936, l&#8217;Italia divenne uno stretto alleato della Germania nazista e quindi un partecipante attivo alla seconda guerra mondiale. Fu solo con lo sbarco alleato in Sicilia nel 1943 che la dittatura fu rovesciata (tranne che per una parte del nord che rimase fascista) e l&#8217;Italia cambi\u00f2 schieramento in guerra. Nel 1946, dopo un referendum, la monarchia fu abolita definitivamente e fu proclamata la Repubblica Italiana.<\/p>\n\n\n\n<div style=\"height:24px\" aria-hidden=\"true\" class=\"wp-block-spacer\"><\/div>\n\n\n\n<div class=\"wp-block-columns is-layout-flex wp-container-6 wp-block-columns-is-layout-flex\">\n<div class=\"wp-block-column is-layout-flow wp-block-column-is-layout-flow\" style=\"flex-basis:50%\">\n<figure class=\"wp-block-image size-large\"><img decoding=\"async\" loading=\"lazy\" width=\"960\" height=\"720\" src=\"https:\/\/www.masseriabambarone.com\/wp-content\/uploads\/bambarone-masseria-Casa_Rossa_Alberobello-960x720.webp\" alt=\"\" class=\"wp-image-10828\" style=\"aspect-ratio:3\/2;object-fit:cover\" srcset=\"https:\/\/www.masseriabambarone.com\/wp-content\/uploads\/bambarone-masseria-Casa_Rossa_Alberobello-960x720.webp 960w, https:\/\/www.masseriabambarone.com\/wp-content\/uploads\/bambarone-masseria-Casa_Rossa_Alberobello-640x480.webp 640w, https:\/\/www.masseriabambarone.com\/wp-content\/uploads\/bambarone-masseria-Casa_Rossa_Alberobello-768x576.webp 768w, https:\/\/www.masseriabambarone.com\/wp-content\/uploads\/bambarone-masseria-Casa_Rossa_Alberobello.webp 1280w\" sizes=\"(max-width: 960px) 100vw, 960px\" \/><figcaption class=\"wp-element-caption\"><br><em>Casa Rossa in Alberobello &#8211; uno dei campi di concentramento pugliesi<br>Photo: Valeria.Buonpane, CC BY-SA 4.0, via Wikimedia Commons<\/em><\/figcaption><\/figure>\n<\/div>\n\n\n\n<div class=\"wp-block-column is-layout-flow wp-block-column-is-layout-flow\" style=\"flex-basis:50%\">\n<figure class=\"wp-block-image size-large\"><img decoding=\"async\" loading=\"lazy\" width=\"960\" height=\"720\" src=\"https:\/\/www.masseriabambarone.com\/wp-content\/uploads\/bambarone-masseria-Bari_Caserma-Chiaffedo-Bergia-1-960x720.webp\" alt=\"\" class=\"wp-image-11067\" style=\"aspect-ratio:3\/2;object-fit:cover\" srcset=\"https:\/\/www.masseriabambarone.com\/wp-content\/uploads\/bambarone-masseria-Bari_Caserma-Chiaffedo-Bergia-1-960x720.webp 960w, https:\/\/www.masseriabambarone.com\/wp-content\/uploads\/bambarone-masseria-Bari_Caserma-Chiaffedo-Bergia-1-640x480.webp 640w, https:\/\/www.masseriabambarone.com\/wp-content\/uploads\/bambarone-masseria-Bari_Caserma-Chiaffedo-Bergia-1-768x576.webp 768w, https:\/\/www.masseriabambarone.com\/wp-content\/uploads\/bambarone-masseria-Bari_Caserma-Chiaffedo-Bergia-1.webp 1280w\" sizes=\"(max-width: 960px) 100vw, 960px\" \/><figcaption class=\"wp-element-caption\"><br><em>Caserma C. Bergia in Bari, costruita nel 1932<br>Photo: <a href=\"https:\/\/www.artefascista.it\/\" target=\"_blank\" rel=\"noopener\" title=\"\">https:\/\/www.artefascista.it\/<\/a><\/em><\/figcaption><\/figure>\n<\/div>\n<\/div>\n\n\n\n<div style=\"height:54px\" aria-hidden=\"true\" class=\"wp-block-spacer\"><\/div>\n\n\n\n<div class=\"wp-block-media-text has-media-on-the-right is-stacked-on-mobile\" style=\"grid-template-columns:auto 40%\"><div class=\"wp-block-media-text__content\">\n<div style=\"height:36px\" aria-hidden=\"true\" class=\"wp-block-spacer\"><\/div>\n\n\n\n<h2 class=\"wp-block-heading h5\">Lo sviluppo economico dal dopoguerra in poi<\/h2>\n\n\n\n<div style=\"height:36px\" aria-hidden=\"true\" class=\"wp-block-spacer\"><\/div>\n\n\n\n<p>Anche prima della Seconda Guerra Mondiale, solo il 17% circa dei lavoratori industriali italiani era impiegato nel Sud, e una percentuale molto pi\u00f9 alta di impianti industriali fu distrutta durante il conflitto. Dopo la guerra, il Paese era ancora prevalentemente caratterizzato dall&#8217;agricoltura, anche se con rese per ettaro significativamente inferiori rispetto al Nord Italia. Il motivo \u00e8 da ricercarsi in un&#8217;ampia percentuale di grandi proprietari terrieri che non vivevano nelle loro terre, le affittavano soltanto e non se ne prendevano cura.&nbsp;<\/p>\n\n\n\n<p>Prima del 1950, il 19% di tutti i comuni del Mezzogiorno era ancora sprovvisto di approvvigionamento idrico, il 40% di fognature e molti di elettricit\u00e0. Il 24% della popolazione del Sud era analfabeta a causa delle strutture scolastiche inadeguate.&nbsp;<\/p>\n\n\n\n<p>Tra il 1950 e il 1970, riforme fondiarie di vasta portata, misure strutturali come l&#8217;irrigazione, la costruzione di strade e ferrovie e il sostegno finanziario hanno permesso una vera e propria ripresa, ma, a parte questo periodo, dall&#8217;Unit\u00e0 d&#8217;Italia del 1860 il divario tra il Nord e il Sud Italia \u00e8 cresciuto anzich\u00e9 ridursi. Gli stretti legami tra politica, affari e criminalit\u00e0 organizzata, scoperti dal 1992, hanno ulteriormente paralizzato il Paese.<\/p>\n\n\n\n<div style=\"height:38px\" aria-hidden=\"true\" class=\"wp-block-spacer\"><\/div>\n\n\n\n<p style=\"font-size:15px\"><em>Contadine in Puglia 1954<br>Photo: Touring Club Italiano, Creative Commons<br>Attribution-Share Alike 4.0 International, via Wikimedia Commons<\/em><\/p>\n\n\n\n<div style=\"height:38px\" aria-hidden=\"true\" class=\"wp-block-spacer\"><\/div>\n<\/div><figure class=\"wp-block-media-text__media\"><img decoding=\"async\" loading=\"lazy\" width=\"632\" height=\"960\" src=\"https:\/\/www.masseriabambarone.com\/wp-content\/uploads\/bambarone-masseria-farmers_puglia_1954-632x960.webp\" alt=\"\" class=\"wp-image-10837 size-full\" srcset=\"https:\/\/www.masseriabambarone.com\/wp-content\/uploads\/bambarone-masseria-farmers_puglia_1954-632x960.webp 632w, https:\/\/www.masseriabambarone.com\/wp-content\/uploads\/bambarone-masseria-farmers_puglia_1954-421x640.webp 421w, https:\/\/www.masseriabambarone.com\/wp-content\/uploads\/bambarone-masseria-farmers_puglia_1954.webp 674w\" sizes=\"(max-width: 632px) 100vw, 632px\" \/><\/figure><\/div>\n\n\n\n<div class=\"wp-block-media-text is-stacked-on-mobile\" style=\"grid-template-columns:46% auto\"><figure class=\"wp-block-media-text__media\"><img decoding=\"async\" loading=\"lazy\" width=\"785\" height=\"960\" src=\"https:\/\/www.masseriabambarone.com\/wp-content\/uploads\/bambarone-masseria-Matera_poverty-785x960.webp\" alt=\"\" class=\"wp-image-10840 size-full\" srcset=\"https:\/\/www.masseriabambarone.com\/wp-content\/uploads\/bambarone-masseria-Matera_poverty-785x960.webp 785w, https:\/\/www.masseriabambarone.com\/wp-content\/uploads\/bambarone-masseria-Matera_poverty-523x640.webp 523w, https:\/\/www.masseriabambarone.com\/wp-content\/uploads\/bambarone-masseria-Matera_poverty-768x940.webp 768w, https:\/\/www.masseriabambarone.com\/wp-content\/uploads\/bambarone-masseria-Matera_poverty.webp 837w\" sizes=\"(max-width: 785px) 100vw, 785px\" \/><\/figure><div class=\"wp-block-media-text__content\">\n<div style=\"height:24px\" aria-hidden=\"true\" class=\"wp-block-spacer\"><\/div>\n\n\n\n<p>Da qualche anno, per\u00f2, in Puglia si registra una constatazione molto positiva: l&#8217;economia \u00e8 in crescita, soprattutto grazie ai numeri in aumento dell&#8217;agricoltura e del turismo. Nel Salento \u00e8 nata un&#8217;industria della moda di alta qualit\u00e0 che produce per noti marchi del lusso e la Puglia \u00e8 addirittura al primo posto in Italia per la coltivazione di ortaggi all&#8217;aperto e per il numero di produttori di vino. Ci\u00f2 permetterebbe finalmente di porre fine a decenni di emigrazione e di restituire un futuro positivo ai giovani che vivono in questa bella e ricca parte del loro Paese.&nbsp;<\/p>\n\n\n\n<p>Lo sviluppo economico, che in passato ha subito ritardi, \u00e8 foriero di grandi opportunit\u00e0: un turismo intelligente e redditizio per tutti, in armonia con le strutture storiche e la natura; l&#8217;espansione delle infrastrutture nel rispetto dell&#8217;ambiente; l&#8217;uso delle pi\u00f9 recenti tecnologie per la conversione a fonti di energia rinnovabili; e, infine, un ritorno al patrimonio della Puglia come crogiolo di culture europee, mediorientali e nordafricane, con tutte le ragioni per essere orgogliosi di questa terra dall&#8217;identit\u00e0 cos\u00ec unica!<\/p>\n\n\n\n<div style=\"height:36px\" aria-hidden=\"true\" class=\"wp-block-spacer\"><\/div>\n\n\n\n<p style=\"font-size:15px\"><em>Matera, Foto scattata tra il 1948 e il 1955<br>Photo: National Archives at College Park, Public domain, via Wikimedia\u00a0Commons<\/em><\/p>\n\n\n\n<div style=\"height:36px\" aria-hidden=\"true\" class=\"wp-block-spacer\"><\/div>\n<\/div><\/div>\n\n\n\n<div style=\"height:24px\" aria-hidden=\"true\" class=\"wp-block-spacer\"><\/div>\n\n\n\n<div style=\"height:24px\" aria-hidden=\"true\" class=\"wp-block-spacer\"><\/div>\n\n\n\n<div class=\"wp-block-columns is-layout-flex wp-container-9 wp-block-columns-is-layout-flex\">\n<div class=\"wp-block-column is-layout-flow wp-block-column-is-layout-flow\" style=\"flex-basis:70%\">\n<figure class=\"wp-block-image size-large\"><img decoding=\"async\" loading=\"lazy\" width=\"960\" height=\"352\" src=\"https:\/\/www.masseriabambarone.com\/wp-content\/uploads\/bambarone-masseria-Torre_Sant_Andrea_Puglia-960x352.webp\" alt=\"\" class=\"wp-image-10843\" srcset=\"https:\/\/www.masseriabambarone.com\/wp-content\/uploads\/bambarone-masseria-Torre_Sant_Andrea_Puglia-960x352.webp 960w, https:\/\/www.masseriabambarone.com\/wp-content\/uploads\/bambarone-masseria-Torre_Sant_Andrea_Puglia-640x234.webp 640w, https:\/\/www.masseriabambarone.com\/wp-content\/uploads\/bambarone-masseria-Torre_Sant_Andrea_Puglia-768x281.webp 768w, https:\/\/www.masseriabambarone.com\/wp-content\/uploads\/bambarone-masseria-Torre_Sant_Andrea_Puglia-1536x563.webp 1536w, https:\/\/www.masseriabambarone.com\/wp-content\/uploads\/bambarone-masseria-Torre_Sant_Andrea_Puglia.webp 2048w\" sizes=\"(max-width: 960px) 100vw, 960px\" \/><figcaption class=\"wp-element-caption\"><br><em>Costa vicino a Torre Sant Andrea in Puglia<br>Photo: Giuseppe Milo, CC BY 3.0, via Wikimedia Commons<\/em><\/figcaption><\/figure>\n<\/div>\n\n\n\n<div class=\"wp-block-column is-layout-flow wp-block-column-is-layout-flow\" style=\"flex-basis:45.5%\">\n<figure class=\"wp-block-image size-large\"><img decoding=\"async\" loading=\"lazy\" width=\"960\" height=\"540\" src=\"https:\/\/www.masseriabambarone.com\/wp-content\/uploads\/bambarone-masseria-Monopoli-960x540.webp\" alt=\"\" class=\"wp-image-10846\" srcset=\"https:\/\/www.masseriabambarone.com\/wp-content\/uploads\/bambarone-masseria-Monopoli-960x540.webp 960w, https:\/\/www.masseriabambarone.com\/wp-content\/uploads\/bambarone-masseria-Monopoli-640x360.webp 640w, https:\/\/www.masseriabambarone.com\/wp-content\/uploads\/bambarone-masseria-Monopoli-768x432.webp 768w, https:\/\/www.masseriabambarone.com\/wp-content\/uploads\/bambarone-masseria-Monopoli-1536x863.webp 1536w, https:\/\/www.masseriabambarone.com\/wp-content\/uploads\/bambarone-masseria-Monopoli.webp 1822w\" sizes=\"(max-width: 960px) 100vw, 960px\" \/><figcaption class=\"wp-element-caption\"><br><em>Il porto vecchio di Monopoli<br>Photo: Acquario51, CC BY-SA 4., via Wikimedia Commons<\/em><\/figcaption><\/figure>\n<\/div>\n<\/div>\n\n\n\n<div style=\"height:54px\" aria-hidden=\"true\" class=\"wp-block-spacer\"><\/div>\n\n\n\n<h2 class=\"wp-block-heading h5\">La rivendicazione di Bambarone La Masseria<\/h2>\n\n\n\n<div style=\"height:36px\" aria-hidden=\"true\" class=\"wp-block-spacer\"><\/div>\n\n\n\n<p>Ci siamo avvicinati alla Puglia con grande rispetto e ammirazione. Ed \u00e8 con questo atteggiamento che abbiamo cercato di riportare in vita le antiche mura della Masseria Bambarone. Aggiungere con cura qualcosa di nuovo e rendere l&#8217;antico particolarmente visibile e tangibile: questa \u00e8 stata la nostra idea e il nostro obiettivo quando abbiamo progettato e ristrutturato questa masseria.<\/p>\n\n\n\n<p>Vi invitiamo a venire a scoprire di persona il fascino delle volte storiche, l&#8217;imponenza degli ulivi secolari, il profumo dei limoni in fiore e della macchia aromatica. Se abbiamo stuzzicato la vostra curiosit\u00e0, <a href=\"https:\/\/www.masseriabambarone.com\/de\/rooms\/#book-now\n\" class=\"text-underline\">potete prenotare qui la vostra esperienza in Puglia<\/a>.<\/p>\n\n\n\n<p>Henriette Schneider<br>8.4.2025<\/p>\n\n\n\n<div style=\"height:24px\" aria-hidden=\"true\" class=\"wp-block-spacer\"><\/div>\n\n\n\n<div class=\"wp-block-columns is-layout-flex wp-container-12 wp-block-columns-is-layout-flex\">\n<div class=\"wp-block-column is-layout-flow wp-block-column-is-layout-flow\" style=\"flex-basis:49.86%\">\n<figure class=\"wp-block-image size-large\"><img decoding=\"async\" loading=\"lazy\" width=\"720\" height=\"960\" src=\"https:\/\/www.masseriabambarone.com\/wp-content\/uploads\/bambarone-masseria-garden-720x960.webp\" alt=\"\" class=\"wp-image-10850\" style=\"aspect-ratio:4\/3;object-fit:cover\" srcset=\"https:\/\/www.masseriabambarone.com\/wp-content\/uploads\/bambarone-masseria-garden-720x960.webp 720w, https:\/\/www.masseriabambarone.com\/wp-content\/uploads\/bambarone-masseria-garden-480x640.webp 480w, https:\/\/www.masseriabambarone.com\/wp-content\/uploads\/bambarone-masseria-garden.webp 768w\" sizes=\"(max-width: 720px) 100vw, 720px\" \/><figcaption class=\"wp-element-caption\"><br><em>Primavera a Bambarone La Masseria<br>Photo: Stefan Schneider<\/em><\/figcaption><\/figure>\n<\/div>\n\n\n\n<div class=\"wp-block-column is-layout-flow wp-block-column-is-layout-flow\" style=\"flex-basis:50.14%\">\n<figure class=\"wp-block-image size-large\"><img decoding=\"async\" loading=\"lazy\" width=\"640\" height=\"960\" src=\"https:\/\/www.masseriabambarone.com\/wp-content\/uploads\/bambarone-masseria-room-640x960.webp\" alt=\"\" class=\"wp-image-10853\" style=\"aspect-ratio:4\/3;object-fit:cover\" srcset=\"https:\/\/www.masseriabambarone.com\/wp-content\/uploads\/bambarone-masseria-room-640x960.webp 640w, https:\/\/www.masseriabambarone.com\/wp-content\/uploads\/bambarone-masseria-room-427x640.webp 427w, https:\/\/www.masseriabambarone.com\/wp-content\/uploads\/bambarone-masseria-room.webp 683w\" sizes=\"(max-width: 640px) 100vw, 640px\" \/><figcaption class=\"wp-element-caption\"><br><em>Camera Il Fienile in Bambarone La Masseria<br>Photo: Stephan Braun<\/em><\/figcaption><\/figure>\n<\/div>\n<\/div>\n\n\n\n<div style=\"height:48px\" aria-hidden=\"true\" class=\"wp-block-spacer\"><\/div>\n\n\n\n<p><strong><strong>Fonti per il blog \u201cUn viaggio nel tempo nella storia della Puglia\u201d:<\/strong><\/strong><\/p>\n\n\n\n<p style=\"font-size:15px\"><a href=\"https:\/\/it.wikipedia.org\/wiki\/Gioacchino_Murat\" target=\"_blank\" rel=\"noopener\" title=\"\">https:\/\/it.wikipedia.org\/wiki\/Gioacchino_Murat<\/a><\/p>\n\n\n\n<p style=\"font-size:15px\"><a href=\"https:\/\/www.diocesiconversanomonopoli.it\/diocesi\/\" target=\"_blank\" rel=\"noopener\" title=\"\">https:\/\/www.diocesiconversanomonopoli.it\/diocesi\/<\/a><\/p>\n\n\n\n<p style=\"font-size:15px\"><a href=\"https:\/\/www.provincia.brindisi.it\/index.php\/storia-e-tradizioni\/i-comuni\/fasano\" target=\"_blank\" rel=\"noopener\" title=\"\">https:\/\/www.provincia.brindisi.it\/index.php\/storia-e-tradizioni\/i-comuni\/fasano<\/a><\/p>\n\n\n\n<p style=\"font-size:15px\"><a href=\"http:\/\/www.brundarte.it\/2014\/10\/30\/lama-dantico-fasano-br\/\" target=\"_blank\" rel=\"noopener\" title=\"\">http:\/\/www.brundarte.it\/2014\/10\/30\/lama-dantico-fasano-br\/<\/a><\/p>\n\n\n\n<p style=\"font-size:15px\"><a href=\"https:\/\/erenow.org\/common\/an-armchair-travellers-history-of-apulia\/36.php\" target=\"_blank\" rel=\"noopener\" title=\"\">https:\/\/erenow.org\/common\/an-armchair-travellers-history-of-apulia\/36.php<\/a><\/p>\n\n\n\n<p style=\"font-size:15px\"><a href=\"https:\/\/www.patrimoniomondiale.it\/?p=68\" target=\"_blank\" rel=\"noopener\" title=\"\">https:\/\/www.patrimoniomondiale.it\/?p=68<\/a><\/p>\n\n\n\n<p style=\"font-size:15px\"><a href=\"https:\/\/library.fes.de\/gmh\/main\/pdf-files\/gmh\/1960\/1960-09-a-545.pdf\" target=\"_blank\" rel=\"noopener\" title=\"\">https:\/\/library.fes.de\/gmh\/main\/pdf-files\/gmh\/1960\/1960-09-a-545.pdf<\/a><\/p>\n\n\n\n<p style=\"font-size:15px\"><a href=\"https:\/\/www.nzz.ch\/wirtschaft\/italien-trotz-milliarden-wird-die-kluft-zwischen-nord-und-sued-immer-groesser-ld.1820419\" target=\"_blank\" rel=\"noopener\" title=\"\">https:\/\/www.nzz.ch\/wirtschaft\/italien-trotz-milliarden-wird-die-kluft-zwischen-nord-und-sued-immer-groesser-ld.1820419<\/a><\/p>\n\n\n\n<p style=\"font-size:15px\"><a href=\"https:\/\/www.preistoriainitalia.it\" target=\"_blank\" rel=\"noopener\" title=\"\">https:\/\/www.preistoriainitalia.it<\/a><\/p>\n\n\n\n<p style=\"font-size:15px\"><a href=\"https:\/\/de.wikipedia.org\/wiki\/Geschichte_Apuliens#Das_normannische_Reich_in_Unteritalien\" target=\"_blank\" rel=\"noopener\" title=\"\">https:\/\/de.wikipedia.org\/wiki\/Geschichte_Apuliens#Das_normannische_Reich_in_Unteritalien<\/a><\/p>\n\n\n\n<p style=\"font-size:15px\"><a href=\"https:\/\/de.wikipedia.org\/wiki\/Erster_Kreuzzug\" target=\"_blank\" rel=\"noopener\" title=\"\">https:\/\/de.wikipedia.org\/wiki\/Erster_Kreuzzug<\/a><\/p>\n\n\n\n<p style=\"font-size:15px\"><a href=\"http:\/\/www.osservatoriooggi.it\/vivi-fasano\/guida\/72-le-masserie-fortificate\" target=\"_blank\" rel=\"noopener\" title=\"\">http:\/\/www.osservatoriooggi.it\/vivi-fasano\/guida\/72-le-masserie-fortificate<\/a><\/p>\n\n\n\n<p style=\"font-size:15px\"><a href=\"https:\/\/www.pugliain.net\/la-puglia-fascista\/\" target=\"_blank\" rel=\"noopener\" title=\"\">https:\/\/www.pugliain.net\/la-puglia-fascista\/<\/a><\/p>\n\n\n\n<p style=\"font-size:15px\"><a href=\"https:\/\/www.pugliain.net\/fascismo-faceva-bella-la-puglia\/\" target=\"_blank\" rel=\"noopener\" title=\"\">https:\/\/www.pugliain.net\/fascismo-faceva-bella-la-puglia\/<\/a><\/p>\n\n\n\n<p style=\"font-size:15px\"><a href=\"http:\/\/www.osservatoriooggi.it\/notizie\/cultura\/29725-i-campi-di-concentramento-in-puglia-in-un-quaderno-culturale-dell%25E2%2580%2599utl\" target=\"_blank\" rel=\"noopener\" title=\"\">http:\/\/www.osservatoriooggi.it\/notizie\/cultura\/29725-i-campi-di-concentramento-in-puglia-in-un-quaderno-culturale-dell%E2%80%99utl<\/a><\/p>\n\n\n\n<div style=\"height:24px\" aria-hidden=\"true\" class=\"wp-block-spacer\"><\/div>\n\n\n\n<p>Guida al Museo \u201cMuseo Nazional Archeologico die Egnazia \u201cGuiseppe Andreassi\u201d \u201c; Quorum Edizioni \u2013 Bari 2015, Terza edizione settembre 2018<\/p>\n\n\n\n<p>Schede degli Ambiti Pesaggistici; Ambito 7\/ MURGIA DEI TRULLI (schema di PPTR)<\/p>\n\n\n\n<p>PPTR Allegato 6 \u2013 La \u201cStoria\u201d per il piano<\/p>\n\n\n\n<div style=\"height:24px\" aria-hidden=\"true\" class=\"wp-block-spacer\"><\/div>\n","protected":false},"excerpt":{"rendered":"<p>La Puglia durante le due guerre mondiali del XX secolo La fine della Prima Guerra Mondiale (alla quale l&#8217;Italia partecip\u00f2 a fianco dell&#8217;Intesa, cio\u00e8 delle potenze vincitrici) nel 1919 scaten\u00f2 una grave crisi nazionale, in seguito alla quale il Partito Fascista di Benito Mussolini prese il potere nel 1922.&nbsp; Nei due anni precedenti, la Puglia [&hellip;]<\/p>\n","protected":false},"author":1,"featured_media":10848,"comment_status":"closed","ping_status":"closed","sticky":false,"template":"","format":"standard","meta":{"_monsterinsights_skip_tracking":false,"_monsterinsights_sitenote_active":false,"_monsterinsights_sitenote_note":"","_monsterinsights_sitenote_category":0,"footnotes":""},"categories":[76],"tags":[],"acf":[],"aioseo_notices":[],"_links":{"self":[{"href":"https:\/\/www.masseriabambarone.com\/it\/wp-json\/wp\/v2\/posts\/10922"}],"collection":[{"href":"https:\/\/www.masseriabambarone.com\/it\/wp-json\/wp\/v2\/posts"}],"about":[{"href":"https:\/\/www.masseriabambarone.com\/it\/wp-json\/wp\/v2\/types\/post"}],"author":[{"embeddable":true,"href":"https:\/\/www.masseriabambarone.com\/it\/wp-json\/wp\/v2\/users\/1"}],"replies":[{"embeddable":true,"href":"https:\/\/www.masseriabambarone.com\/it\/wp-json\/wp\/v2\/comments?post=10922"}],"version-history":[{"count":8,"href":"https:\/\/www.masseriabambarone.com\/it\/wp-json\/wp\/v2\/posts\/10922\/revisions"}],"predecessor-version":[{"id":11071,"href":"https:\/\/www.masseriabambarone.com\/it\/wp-json\/wp\/v2\/posts\/10922\/revisions\/11071"}],"wp:featuredmedia":[{"embeddable":true,"href":"https:\/\/www.masseriabambarone.com\/it\/wp-json\/wp\/v2\/media\/10848"}],"wp:attachment":[{"href":"https:\/\/www.masseriabambarone.com\/it\/wp-json\/wp\/v2\/media?parent=10922"}],"wp:term":[{"taxonomy":"category","embeddable":true,"href":"https:\/\/www.masseriabambarone.com\/it\/wp-json\/wp\/v2\/categories?post=10922"},{"taxonomy":"post_tag","embeddable":true,"href":"https:\/\/www.masseriabambarone.com\/it\/wp-json\/wp\/v2\/tags?post=10922"}],"curies":[{"name":"wp","href":"https:\/\/api.w.org\/{rel}","templated":true}]}}